{"id":3131,"date":"2022-06-09T08:01:10","date_gmt":"2022-06-09T08:01:10","guid":{"rendered":"https:\/\/cifordom.net\/?p=3131"},"modified":"2025-03-28T00:26:49","modified_gmt":"2025-03-28T00:26:49","slug":"pap-ndiaye-prix-fetkann-maryse-conde-categorie-memoire-2008-ministre-de-leducation-nationale-et-de-la-jeunesse-en-2022-la-france-avance","status":"publish","type":"post","link":"https:\/\/cifordom.net\/en\/pap-ndiaye-prix-fetkann-maryse-conde-categorie-memoire-2008-ministre-de-leducation-nationale-et-de-la-jeunesse-en-2022-la-france-avance\/","title":{"rendered":""},"content":{"rendered":"","protected":false},"excerpt":{"rendered":"","protected":false},"author":1,"featured_media":0,"comment_status":"open","ping_status":"open","sticky":false,"template":"","format":"standard","meta":[],"categories":[215,214],"tags":[329,51,535,537,536,534],"yoast_head":"<!-- This site is optimized with the Yoast SEO plugin v17.7.1 - https:\/\/yoast.com\/wordpress\/plugins\/seo\/ -->\n<meta name=\"robots\" content=\"index, follow, max-snippet:-1, max-image-preview:large, max-video-preview:-1\" \/>\n<link rel=\"canonical\" href=\"https:\/\/cifordom.net\/pap-ndiaye-prix-fetkann-maryse-conde-categorie-memoire-2008-ministre-de-leducation-nationale-et-de-la-jeunesse-en-2022-la-france-avance\/\" \/>\n<meta property=\"og:locale\" content=\"en_US\" \/>\n<meta property=\"og:type\" content=\"article\" \/>\n<meta property=\"og:title\" content=\"\" \/>\n<meta property=\"og:url\" content=\"https:\/\/cifordom.net\/pap-ndiaye-prix-fetkann-maryse-conde-categorie-memoire-2008-ministre-de-leducation-nationale-et-de-la-jeunesse-en-2022-la-france-avance\/\" \/>\n<meta property=\"article:published_time\" content=\"2022-06-09T08:01:10+00:00\" \/>\n<meta property=\"article:modified_time\" content=\"2025-03-28T00:26:49+00:00\" \/>\n<meta name=\"twitter:card\" content=\"summary_large_image\" \/>\n<meta name=\"twitter:label1\" content=\"Written by\" \/>\n\t<meta name=\"twitter:data1\" content=\"CIFORDOM\" \/>\n<script type=\"application\/ld+json\" class=\"yoast-schema-graph\">{\"@context\":\"https:\/\/schema.org\",\"@graph\":[{\"@type\":\"WebSite\",\"@id\":\"https:\/\/cifordom.net\/#website\",\"url\":\"https:\/\/cifordom.net\/\",\"name\":\"\",\"description\":\"\",\"potentialAction\":[{\"@type\":\"SearchAction\",\"target\":{\"@type\":\"EntryPoint\",\"urlTemplate\":\"https:\/\/cifordom.net\/?s={search_term_string}\"},\"query-input\":\"required name=search_term_string\"}],\"inLanguage\":\"en-US\"},{\"@type\":\"WebPage\",\"@id\":\"https:\/\/cifordom.net\/pap-ndiaye-prix-fetkann-maryse-conde-categorie-memoire-2008-ministre-de-leducation-nationale-et-de-la-jeunesse-en-2022-la-france-avance\/#webpage\",\"url\":\"https:\/\/cifordom.net\/pap-ndiaye-prix-fetkann-maryse-conde-categorie-memoire-2008-ministre-de-leducation-nationale-et-de-la-jeunesse-en-2022-la-france-avance\/\",\"name\":\"[:fr]Pap Ndiaye, prix FETKANN Maryse Cond\\u00e9, cat\\u00e9gorie M\\u00e9moire 2008, Ministre de l'Education Nationale et de la Jeunesse en 2022. La France avance ![:] -\",\"isPartOf\":{\"@id\":\"https:\/\/cifordom.net\/#website\"},\"datePublished\":\"2022-06-09T08:01:10+00:00\",\"dateModified\":\"2025-03-28T00:26:49+00:00\",\"author\":{\"@id\":\"https:\/\/cifordom.net\/#\/schema\/person\/f6a614077138996b139f13c28f037eb6\"},\"breadcrumb\":{\"@id\":\"https:\/\/cifordom.net\/pap-ndiaye-prix-fetkann-maryse-conde-categorie-memoire-2008-ministre-de-leducation-nationale-et-de-la-jeunesse-en-2022-la-france-avance\/#breadcrumb\"},\"inLanguage\":\"en-US\",\"potentialAction\":[{\"@type\":\"ReadAction\",\"target\":[\"https:\/\/cifordom.net\/pap-ndiaye-prix-fetkann-maryse-conde-categorie-memoire-2008-ministre-de-leducation-nationale-et-de-la-jeunesse-en-2022-la-france-avance\/\"]}]},{\"@type\":\"BreadcrumbList\",\"@id\":\"https:\/\/cifordom.net\/pap-ndiaye-prix-fetkann-maryse-conde-categorie-memoire-2008-ministre-de-leducation-nationale-et-de-la-jeunesse-en-2022-la-france-avance\/#breadcrumb\",\"itemListElement\":[{\"@type\":\"ListItem\",\"position\":1,\"name\":\"Pap Ndiaye, prix FETKANN Maryse Cond\\u00e9, cat\\u00e9gorie M\\u00e9moire 2008, Ministre de l&rsquo;Education Nationale et de la Jeunesse en 2022. La France avance !\"}]},{\"@type\":\"Person\",\"@id\":\"https:\/\/cifordom.net\/#\/schema\/person\/f6a614077138996b139f13c28f037eb6\",\"name\":\"CIFORDOM\",\"image\":{\"@type\":\"ImageObject\",\"@id\":\"https:\/\/cifordom.net\/#personlogo\",\"inLanguage\":\"en-US\",\"url\":\"https:\/\/secure.gravatar.com\/avatar\/be2f26a06d070a8f5aec21c3816fdc8b?s=96&r=g\",\"contentUrl\":\"https:\/\/secure.gravatar.com\/avatar\/be2f26a06d070a8f5aec21c3816fdc8b?s=96&r=g\",\"caption\":\"CIFORDOM\"},\"sameAs\":[\"http:\/\/cifordom.net\"],\"url\":\"https:\/\/cifordom.net\/en\/author\/admin\/\"}]}<\/script>\n<!-- \/ Yoast SEO plugin. -->","yoast_head_json":{"robots":{"index":"index","follow":"follow","max-snippet":"max-snippet:-1","max-image-preview":"max-image-preview:large","max-video-preview":"max-video-preview:-1"},"canonical":"https:\/\/cifordom.net\/pap-ndiaye-prix-fetkann-maryse-conde-categorie-memoire-2008-ministre-de-leducation-nationale-et-de-la-jeunesse-en-2022-la-france-avance\/","og_locale":"en_US","og_type":"article","og_title":"[:fr]Pap Ndiaye, prix FETKANN Maryse Cond\u00e9, cat\u00e9gorie M\u00e9moire 2008, Ministre de l'Education Nationale et de la Jeunesse en 2022. La France avance ![:] -","og_url":"https:\/\/cifordom.net\/pap-ndiaye-prix-fetkann-maryse-conde-categorie-memoire-2008-ministre-de-leducation-nationale-et-de-la-jeunesse-en-2022-la-france-avance\/","article_published_time":"2022-06-09T08:01:10+00:00","article_modified_time":"2025-03-28T00:26:49+00:00","twitter_card":"summary_large_image","twitter_misc":{"Written by":"CIFORDOM"},"schema":{"@context":"https:\/\/schema.org","@graph":[{"@type":"WebSite","@id":"https:\/\/cifordom.net\/#website","url":"https:\/\/cifordom.net\/","name":"","description":"","potentialAction":[{"@type":"SearchAction","target":{"@type":"EntryPoint","urlTemplate":"https:\/\/cifordom.net\/?s={search_term_string}"},"query-input":"required name=search_term_string"}],"inLanguage":"en-US"},{"@type":"WebPage","@id":"https:\/\/cifordom.net\/pap-ndiaye-prix-fetkann-maryse-conde-categorie-memoire-2008-ministre-de-leducation-nationale-et-de-la-jeunesse-en-2022-la-france-avance\/#webpage","url":"https:\/\/cifordom.net\/pap-ndiaye-prix-fetkann-maryse-conde-categorie-memoire-2008-ministre-de-leducation-nationale-et-de-la-jeunesse-en-2022-la-france-avance\/","name":"[:fr]Pap Ndiaye, prix FETKANN Maryse Cond\u00e9, cat\u00e9gorie M\u00e9moire 2008, Ministre de l'Education Nationale et de la Jeunesse en 2022. La France avance ![:] -","isPartOf":{"@id":"https:\/\/cifordom.net\/#website"},"datePublished":"2022-06-09T08:01:10+00:00","dateModified":"2025-03-28T00:26:49+00:00","author":{"@id":"https:\/\/cifordom.net\/#\/schema\/person\/f6a614077138996b139f13c28f037eb6"},"breadcrumb":{"@id":"https:\/\/cifordom.net\/pap-ndiaye-prix-fetkann-maryse-conde-categorie-memoire-2008-ministre-de-leducation-nationale-et-de-la-jeunesse-en-2022-la-france-avance\/#breadcrumb"},"inLanguage":"en-US","potentialAction":[{"@type":"ReadAction","target":["https:\/\/cifordom.net\/pap-ndiaye-prix-fetkann-maryse-conde-categorie-memoire-2008-ministre-de-leducation-nationale-et-de-la-jeunesse-en-2022-la-france-avance\/"]}]},{"@type":"BreadcrumbList","@id":"https:\/\/cifordom.net\/pap-ndiaye-prix-fetkann-maryse-conde-categorie-memoire-2008-ministre-de-leducation-nationale-et-de-la-jeunesse-en-2022-la-france-avance\/#breadcrumb","itemListElement":[{"@type":"ListItem","position":1,"name":"Pap Ndiaye, prix FETKANN Maryse Cond\u00e9, cat\u00e9gorie M\u00e9moire 2008, Ministre de l&rsquo;Education Nationale et de la Jeunesse en 2022. La France avance !"}]},{"@type":"Person","@id":"https:\/\/cifordom.net\/#\/schema\/person\/f6a614077138996b139f13c28f037eb6","name":"CIFORDOM","image":{"@type":"ImageObject","@id":"https:\/\/cifordom.net\/#personlogo","inLanguage":"en-US","url":"https:\/\/secure.gravatar.com\/avatar\/be2f26a06d070a8f5aec21c3816fdc8b?s=96&r=g","contentUrl":"https:\/\/secure.gravatar.com\/avatar\/be2f26a06d070a8f5aec21c3816fdc8b?s=96&r=g","caption":"CIFORDOM"},"sameAs":["http:\/\/cifordom.net"],"url":"https:\/\/cifordom.net\/en\/author\/admin\/"}]}},"_links":{"self":[{"href":"https:\/\/cifordom.net\/en\/wp-json\/wp\/v2\/posts\/3131"}],"collection":[{"href":"https:\/\/cifordom.net\/en\/wp-json\/wp\/v2\/posts"}],"about":[{"href":"https:\/\/cifordom.net\/en\/wp-json\/wp\/v2\/types\/post"}],"author":[{"embeddable":true,"href":"https:\/\/cifordom.net\/en\/wp-json\/wp\/v2\/users\/1"}],"replies":[{"embeddable":true,"href":"https:\/\/cifordom.net\/en\/wp-json\/wp\/v2\/comments?post=3131"}],"version-history":[{"count":2,"href":"https:\/\/cifordom.net\/en\/wp-json\/wp\/v2\/posts\/3131\/revisions"}],"predecessor-version":[{"id":3349,"href":"https:\/\/cifordom.net\/en\/wp-json\/wp\/v2\/posts\/3131\/revisions\/3349"}],"wp:attachment":[{"href":"https:\/\/cifordom.net\/en\/wp-json\/wp\/v2\/media?parent=3131"}],"wp:term":[{"taxonomy":"category","embeddable":true,"href":"https:\/\/cifordom.net\/en\/wp-json\/wp\/v2\/categories?post=3131"},{"taxonomy":"post_tag","embeddable":true,"href":"https:\/\/cifordom.net\/en\/wp-json\/wp\/v2\/tags?post=3131"}],"curies":[{"name":"wp","href":"https:\/\/api.w.org\/{rel}","templated":true}]}}