{"id":3409,"date":"2026-03-12T10:44:13","date_gmt":"2026-03-12T10:44:13","guid":{"rendered":"https:\/\/cifordom.net\/?p=3409"},"modified":"2026-03-13T11:09:22","modified_gmt":"2026-03-13T11:09:22","slug":"8-mars-un-bouquet-de-revendications-le-8-mars-on-ne-celebre-pas-les-femmes-on-combat-les-inegalites","status":"publish","type":"post","link":"https:\/\/cifordom.net\/en\/8-mars-un-bouquet-de-revendications-le-8-mars-on-ne-celebre-pas-les-femmes-on-combat-les-inegalites\/","title":{"rendered":""},"content":{"rendered":"","protected":false},"excerpt":{"rendered":"","protected":false},"author":1,"featured_media":0,"comment_status":"open","ping_status":"open","sticky":false,"template":"","format":"standard","meta":[],"categories":[215,57],"tags":[115,146,262,125,306,768,773,779,770,774,611,776,775,781,771,769,777,528,778,780,772],"yoast_head":"<!-- This site is optimized with the Yoast SEO plugin v17.7.1 - https:\/\/yoast.com\/wordpress\/plugins\/seo\/ -->\n<meta name=\"robots\" content=\"index, follow, max-snippet:-1, max-image-preview:large, max-video-preview:-1\" \/>\n<link rel=\"canonical\" href=\"https:\/\/cifordom.net\/8-mars-un-bouquet-de-revendications-le-8-mars-on-ne-celebre-pas-les-femmes-on-combat-les-inegalites\/\" \/>\n<meta property=\"og:locale\" content=\"en_US\" \/>\n<meta property=\"og:type\" content=\"article\" \/>\n<meta property=\"og:title\" content=\"\" \/>\n<meta property=\"og:url\" content=\"https:\/\/cifordom.net\/8-mars-un-bouquet-de-revendications-le-8-mars-on-ne-celebre-pas-les-femmes-on-combat-les-inegalites\/\" \/>\n<meta property=\"article:published_time\" content=\"2026-03-12T10:44:13+00:00\" \/>\n<meta property=\"article:modified_time\" content=\"2026-03-13T11:09:22+00:00\" \/>\n<meta property=\"og:image\" content=\"http:\/\/cifordom.net\/wp-content\/uploads\/2026\/03\/Le-8-mars-on-ne-ce\u0301le\u0300bre-pas-les-femmes-on-combat-les-ine\u0301galite\u0301s.-345x345.jpg\" \/>\n<meta name=\"twitter:card\" content=\"summary_large_image\" \/>\n<meta name=\"twitter:label1\" content=\"Written by\" \/>\n\t<meta name=\"twitter:data1\" content=\"CIFORDOM\" \/>\n\t<meta name=\"twitter:label2\" content=\"Est. reading time\" \/>\n\t<meta name=\"twitter:data2\" content=\"5 minutes\" \/>\n<script type=\"application\/ld+json\" class=\"yoast-schema-graph\">{\"@context\":\"https:\/\/schema.org\",\"@graph\":[{\"@type\":\"WebSite\",\"@id\":\"https:\/\/cifordom.net\/#website\",\"url\":\"https:\/\/cifordom.net\/\",\"name\":\"\",\"description\":\"\",\"potentialAction\":[{\"@type\":\"SearchAction\",\"target\":{\"@type\":\"EntryPoint\",\"urlTemplate\":\"https:\/\/cifordom.net\/?s={search_term_string}\"},\"query-input\":\"required name=search_term_string\"}],\"inLanguage\":\"en-US\"},{\"@type\":\"ImageObject\",\"@id\":\"https:\/\/cifordom.net\/8-mars-un-bouquet-de-revendications-le-8-mars-on-ne-celebre-pas-les-femmes-on-combat-les-inegalites\/#primaryimage\",\"inLanguage\":\"en-US\",\"url\":\"http:\/\/cifordom.net\/wp-content\/uploads\/2026\/03\/Le-8-mars-on-ne-ce\\u0301le\\u0300bre-pas-les-femmes-on-combat-les-ine\\u0301galite\\u0301s.-345x345.jpg\",\"contentUrl\":\"http:\/\/cifordom.net\/wp-content\/uploads\/2026\/03\/Le-8-mars-on-ne-ce\\u0301le\\u0300bre-pas-les-femmes-on-combat-les-ine\\u0301galite\\u0301s.-345x345.jpg\"},{\"@type\":\"WebPage\",\"@id\":\"https:\/\/cifordom.net\/8-mars-un-bouquet-de-revendications-le-8-mars-on-ne-celebre-pas-les-femmes-on-combat-les-inegalites\/#webpage\",\"url\":\"https:\/\/cifordom.net\/8-mars-un-bouquet-de-revendications-le-8-mars-on-ne-celebre-pas-les-femmes-on-combat-les-inegalites\/\",\"name\":\"[:fr]8 MARS : UN BOUQUET DE REVENDICATIONS Le 8 mars, on ne c\\u00e9l\\u00e8bre pas les femmes : on combat les in\\u00e9galit\\u00e9s[:] -\",\"isPartOf\":{\"@id\":\"https:\/\/cifordom.net\/#website\"},\"primaryImageOfPage\":{\"@id\":\"https:\/\/cifordom.net\/8-mars-un-bouquet-de-revendications-le-8-mars-on-ne-celebre-pas-les-femmes-on-combat-les-inegalites\/#primaryimage\"},\"datePublished\":\"2026-03-12T10:44:13+00:00\",\"dateModified\":\"2026-03-13T11:09:22+00:00\",\"author\":{\"@id\":\"https:\/\/cifordom.net\/#\/schema\/person\/f6a614077138996b139f13c28f037eb6\"},\"breadcrumb\":{\"@id\":\"https:\/\/cifordom.net\/8-mars-un-bouquet-de-revendications-le-8-mars-on-ne-celebre-pas-les-femmes-on-combat-les-inegalites\/#breadcrumb\"},\"inLanguage\":\"en-US\",\"potentialAction\":[{\"@type\":\"ReadAction\",\"target\":[\"https:\/\/cifordom.net\/8-mars-un-bouquet-de-revendications-le-8-mars-on-ne-celebre-pas-les-femmes-on-combat-les-inegalites\/\"]}]},{\"@type\":\"BreadcrumbList\",\"@id\":\"https:\/\/cifordom.net\/8-mars-un-bouquet-de-revendications-le-8-mars-on-ne-celebre-pas-les-femmes-on-combat-les-inegalites\/#breadcrumb\",\"itemListElement\":[{\"@type\":\"ListItem\",\"position\":1,\"name\":\"8 MARS : UN BOUQUET DE REVENDICATIONS Le 8 mars, on ne c\\u00e9l\\u00e8bre pas les femmes : on combat les in\\u00e9galit\\u00e9s\"}]},{\"@type\":\"Person\",\"@id\":\"https:\/\/cifordom.net\/#\/schema\/person\/f6a614077138996b139f13c28f037eb6\",\"name\":\"CIFORDOM\",\"image\":{\"@type\":\"ImageObject\",\"@id\":\"https:\/\/cifordom.net\/#personlogo\",\"inLanguage\":\"en-US\",\"url\":\"https:\/\/secure.gravatar.com\/avatar\/be2f26a06d070a8f5aec21c3816fdc8b?s=96&r=g\",\"contentUrl\":\"https:\/\/secure.gravatar.com\/avatar\/be2f26a06d070a8f5aec21c3816fdc8b?s=96&r=g\",\"caption\":\"CIFORDOM\"},\"sameAs\":[\"http:\/\/cifordom.net\"],\"url\":\"https:\/\/cifordom.net\/en\/author\/admin\/\"}]}<\/script>\n<!-- \/ Yoast SEO plugin. -->","yoast_head_json":{"robots":{"index":"index","follow":"follow","max-snippet":"max-snippet:-1","max-image-preview":"max-image-preview:large","max-video-preview":"max-video-preview:-1"},"canonical":"https:\/\/cifordom.net\/8-mars-un-bouquet-de-revendications-le-8-mars-on-ne-celebre-pas-les-femmes-on-combat-les-inegalites\/","og_locale":"en_US","og_type":"article","og_title":"[:fr]8 MARS : UN BOUQUET DE REVENDICATIONS Le 8 mars, on ne c\u00e9l\u00e8bre pas les femmes : on combat les in\u00e9galit\u00e9s[:] -","og_url":"https:\/\/cifordom.net\/8-mars-un-bouquet-de-revendications-le-8-mars-on-ne-celebre-pas-les-femmes-on-combat-les-inegalites\/","article_published_time":"2026-03-12T10:44:13+00:00","article_modified_time":"2026-03-13T11:09:22+00:00","og_image":[{"url":"http:\/\/cifordom.net\/wp-content\/uploads\/2026\/03\/Le-8-mars-on-ne-ce\u0301le\u0300bre-pas-les-femmes-on-combat-les-ine\u0301galite\u0301s.-345x345.jpg"}],"twitter_card":"summary_large_image","twitter_misc":{"Written by":"CIFORDOM","Est. reading time":"5 minutes"},"schema":{"@context":"https:\/\/schema.org","@graph":[{"@type":"WebSite","@id":"https:\/\/cifordom.net\/#website","url":"https:\/\/cifordom.net\/","name":"","description":"","potentialAction":[{"@type":"SearchAction","target":{"@type":"EntryPoint","urlTemplate":"https:\/\/cifordom.net\/?s={search_term_string}"},"query-input":"required name=search_term_string"}],"inLanguage":"en-US"},{"@type":"ImageObject","@id":"https:\/\/cifordom.net\/8-mars-un-bouquet-de-revendications-le-8-mars-on-ne-celebre-pas-les-femmes-on-combat-les-inegalites\/#primaryimage","inLanguage":"en-US","url":"http:\/\/cifordom.net\/wp-content\/uploads\/2026\/03\/Le-8-mars-on-ne-ce\u0301le\u0300bre-pas-les-femmes-on-combat-les-ine\u0301galite\u0301s.-345x345.jpg","contentUrl":"http:\/\/cifordom.net\/wp-content\/uploads\/2026\/03\/Le-8-mars-on-ne-ce\u0301le\u0300bre-pas-les-femmes-on-combat-les-ine\u0301galite\u0301s.-345x345.jpg"},{"@type":"WebPage","@id":"https:\/\/cifordom.net\/8-mars-un-bouquet-de-revendications-le-8-mars-on-ne-celebre-pas-les-femmes-on-combat-les-inegalites\/#webpage","url":"https:\/\/cifordom.net\/8-mars-un-bouquet-de-revendications-le-8-mars-on-ne-celebre-pas-les-femmes-on-combat-les-inegalites\/","name":"[:fr]8 MARS : UN BOUQUET DE REVENDICATIONS Le 8 mars, on ne c\u00e9l\u00e8bre pas les femmes : on combat les in\u00e9galit\u00e9s[:] -","isPartOf":{"@id":"https:\/\/cifordom.net\/#website"},"primaryImageOfPage":{"@id":"https:\/\/cifordom.net\/8-mars-un-bouquet-de-revendications-le-8-mars-on-ne-celebre-pas-les-femmes-on-combat-les-inegalites\/#primaryimage"},"datePublished":"2026-03-12T10:44:13+00:00","dateModified":"2026-03-13T11:09:22+00:00","author":{"@id":"https:\/\/cifordom.net\/#\/schema\/person\/f6a614077138996b139f13c28f037eb6"},"breadcrumb":{"@id":"https:\/\/cifordom.net\/8-mars-un-bouquet-de-revendications-le-8-mars-on-ne-celebre-pas-les-femmes-on-combat-les-inegalites\/#breadcrumb"},"inLanguage":"en-US","potentialAction":[{"@type":"ReadAction","target":["https:\/\/cifordom.net\/8-mars-un-bouquet-de-revendications-le-8-mars-on-ne-celebre-pas-les-femmes-on-combat-les-inegalites\/"]}]},{"@type":"BreadcrumbList","@id":"https:\/\/cifordom.net\/8-mars-un-bouquet-de-revendications-le-8-mars-on-ne-celebre-pas-les-femmes-on-combat-les-inegalites\/#breadcrumb","itemListElement":[{"@type":"ListItem","position":1,"name":"8 MARS : UN BOUQUET DE REVENDICATIONS Le 8 mars, on ne c\u00e9l\u00e8bre pas les femmes : on combat les in\u00e9galit\u00e9s"}]},{"@type":"Person","@id":"https:\/\/cifordom.net\/#\/schema\/person\/f6a614077138996b139f13c28f037eb6","name":"CIFORDOM","image":{"@type":"ImageObject","@id":"https:\/\/cifordom.net\/#personlogo","inLanguage":"en-US","url":"https:\/\/secure.gravatar.com\/avatar\/be2f26a06d070a8f5aec21c3816fdc8b?s=96&r=g","contentUrl":"https:\/\/secure.gravatar.com\/avatar\/be2f26a06d070a8f5aec21c3816fdc8b?s=96&r=g","caption":"CIFORDOM"},"sameAs":["http:\/\/cifordom.net"],"url":"https:\/\/cifordom.net\/en\/author\/admin\/"}]}},"_links":{"self":[{"href":"https:\/\/cifordom.net\/en\/wp-json\/wp\/v2\/posts\/3409"}],"collection":[{"href":"https:\/\/cifordom.net\/en\/wp-json\/wp\/v2\/posts"}],"about":[{"href":"https:\/\/cifordom.net\/en\/wp-json\/wp\/v2\/types\/post"}],"author":[{"embeddable":true,"href":"https:\/\/cifordom.net\/en\/wp-json\/wp\/v2\/users\/1"}],"replies":[{"embeddable":true,"href":"https:\/\/cifordom.net\/en\/wp-json\/wp\/v2\/comments?post=3409"}],"version-history":[{"count":5,"href":"https:\/\/cifordom.net\/en\/wp-json\/wp\/v2\/posts\/3409\/revisions"}],"predecessor-version":[{"id":3415,"href":"https:\/\/cifordom.net\/en\/wp-json\/wp\/v2\/posts\/3409\/revisions\/3415"}],"wp:attachment":[{"href":"https:\/\/cifordom.net\/en\/wp-json\/wp\/v2\/media?parent=3409"}],"wp:term":[{"taxonomy":"category","embeddable":true,"href":"https:\/\/cifordom.net\/en\/wp-json\/wp\/v2\/categories?post=3409"},{"taxonomy":"post_tag","embeddable":true,"href":"https:\/\/cifordom.net\/en\/wp-json\/wp\/v2\/tags?post=3409"}],"curies":[{"name":"wp","href":"https:\/\/api.w.org\/{rel}","templated":true}]}}