{"id":371,"date":"2013-11-24T06:16:48","date_gmt":"2013-11-24T06:16:48","guid":{"rendered":"http:\/\/cifordom.net\/?p=371"},"modified":"2014-07-05T09:35:38","modified_gmt":"2014-07-05T09:35:38","slug":"10eme-ceremonie-du-prix-fetkann-discours-douverture-de-la-ceremonie","status":"publish","type":"post","link":"https:\/\/cifordom.net\/en\/10eme-ceremonie-du-prix-fetkann-discours-douverture-de-la-ceremonie\/","title":{"rendered":"10\u00e8me CEREMONIE du Prix FETKANN ! \u2013 Discours d\u2019ouverture de la c\u00e9r\u00e9monie"},"content":{"rendered":"<p style=\"text-align: center;\"><strong>10<sup>\u00e8me<\/sup>\u00a0CEREMONIE du Prix FETKANN\u00a0!<\/strong><\/p>\n<p style=\"text-align: center;\" align=\"center\"><strong>\u00a0<i>M\u00e9moire des pays du Sud, M\u00e9moire de l\u2019humanit\u00e9<\/i><\/strong><\/p>\n<p style=\"text-align: center;\" align=\"center\"><strong>Caf\u00e9 de Flore le 14 novembre 2013<\/strong><\/p>\n<p style=\"text-align: center;\" align=\"center\"><strong>\u00a0\u00a0 \u00a0 \u00a0 \u00a0 \u00a0 \u00a0 \u00a0 \u00a0<\/strong><\/p>\n<p>Madame la D\u00e9l\u00e9gu\u00e9e Interminist\u00e9rielle \u00e0 l\u2019\u00e9galit\u00e9 des chances des fran\u00e7ais d\u2019outre-mer,<\/p>\n<p>Excellence, Madame l\u2019Ambassadeur d\u2019Ha\u00efti en France<\/p>\n<p>Mesdames et messieurs en vos grades et qualit\u00e9s<\/p>\n<p>Mesdames, Messieurs\u00a0 les Editeurs pr\u00e9sents,<\/p>\n<p>Chers coll\u00e9giens du jury jeune<\/p>\n<p>Mesdames, Messieurs,<\/p>\n<p>&nbsp;<\/p>\n<p>Je suis heureux de vous accueillir encore au Caf\u00e9 de Flore pour la dixi\u00e8me ann\u00e9e cons\u00e9cutive pour prendre connaissance ensemble des r\u00e9sultats des travaux des jurys du Prix FETKANN\u00a0!, M\u00e9moire des Pays du Sud, M\u00e9moire de l\u2019Humanit\u00e9,<\/p>\n<p>On pourrait se demander \u00e0 quoi \u00e7a sert de se retrouver ici chaque ann\u00e9e, depuis tant d\u2019ann\u00e9es, pour dire, et pour affirmer, ce qui nous parait essentiel pour notre avenir par nos choix de lecture et donc d\u2019\u00e9criture de femmes et d\u2019hommes de progr\u00e8s.<\/p>\n<p>Mais la r\u00e9ponse devrait \u00eatre\u00a0 \u00e9vidente pour nous toutes et tous ici rassembl\u00e9s car l\u2019actualit\u00e9 ces jours-ci ne nous a pas \u00e9pargn\u00e9, n\u2019a pas \u00e9pargn\u00e9 la France. Les attaques basses dont ont \u00e9t\u00e9 victime une citoyenne fran\u00e7aise, Christiane Taubira, Ministre de la justice, montrent \u00e0 l\u2019\u00e9vidence combien les traces de la pens\u00e9e fran\u00e7aise n\u00e9e de la p\u00e9riode de l\u2019esclavage sont encore vivaces et d\u00e9vastatrices.<\/p>\n<p>Et de d\u00e9noncer une fois de plus le code noir et ceux qui dans notre pays sont prisonniers de la m\u00eame ambigu\u00eft\u00e9.\u00a0 On peut voir par exemple un Voltaire, dans son \u00ab\u00a0Candide\u00a0\u00bb d\u00e9noncer l\u2019inhumanit\u00e9 des conditions de la production sucri\u00e8re aux colonies, tout en situant le n\u00e8gre, dans son\u00a0 \u00ab\u00a0Essai sur\u00a0 les M\u0153urs\u00a0\u00bb entre le singe et l\u2019homme.<\/p>\n<p>Et que penser de la loi de f\u00e9vrier 2005, faisant l\u2019\u00e9loge de la colonisation fran\u00e7aise en Alg\u00e9rie, que penser du discours de Dakar du Pr\u00e9sident Sarkozy, enfin que penser du d\u00e9bat sur l\u2019identit\u00e9 nationale\u00a0?<\/p>\n<p>Vous le voyez, mesdames et messieurs, nous en avons si peu fini avec les s\u00e9quelles de cet imaginaire colonial.<\/p>\n<p>L\u2019Histoire, le souvenir et la M\u00e9moire que veut faire vivre le Prix FETKANN\u00a0! pour amener une soci\u00e9t\u00e9 \u00e9quitable, ont inspir\u00e9 des fran\u00e7ais illustres\u00a0: Le g\u00e9n\u00e9ral de Gaulle s\u2019est exprim\u00e9 en ces termes\u00a0: <em><strong>\u00ab\u00a0\u00a0Le souvenir n\u2019est\u00a0pas seulement un pieux hommage rendu aux morts, mais un ferment toujours \u00e0 l\u2019\u0153uvre dans les actions des vivants\u00a0\u00bb<\/strong><\/em>\u00a0et Aim\u00e9 C\u00e9saire \u00e9crivait\u00a0:\u00a0<em><strong>\u00ab\u00a0Un peuple sans m\u00e9moire est un peuple sans avenir\u00a0\u00bb<\/strong><\/em><\/p>\n<p>Pourquoi s\u2019en prend-on aujourd\u2019hui aux Roms, aux immigr\u00e9s, pourquoi l\u2019Europe n\u2019est-elle pas sociale\u00a0?<\/p>\n<p>Les livres qui sont s\u00e9lectionn\u00e9s par le Prix FETKANN\u00a0! sont dans l\u2019esprit de la devise r\u00e9publicaine\u00a0: Libert\u00e9, Egalit\u00e9, fraternit\u00e9. Ces plumes plaident \u00a0pour un mod\u00e8le plus juste, plus \u00e9galitaire. Ces plumes plaident pour le bien vivre ensemble.<\/p>\n<p>Le Prix FETKANN\u00a0! est militant et ambitieux, et l\u2019actualit\u00e9 nous force \u00e0 devenir \u00ab\u00a0r\u00e9sistants\u00a0\u00bb\u00a0 Le Prix FETKANN\u00a0! se veut d\u2019excellence \u00e0 l\u2019image du Prix Nobel son mod\u00e8le, il est la vitrine des \u00e9crivains, des historiens et des po\u00e8tes qui interpellent et veulent changer le monde.<\/p>\n<p>Le Prix litt\u00e9raire FETKANN\u00a0! est un Prix universel, et met l\u2019homme au centre des pr\u00e9occupations.<\/p>\n<p>Le Prix litt\u00e9raire FETKANN\u00a0! est un Prix r\u00e9publicain, et nous voulons vous pr\u00e9senter les grandes figurent dont ils se r\u00e9clame. Ils \u00a0se nomment\u00a0: Toussaint Louverture, l\u2019Abb\u00e9 Gr\u00e9goire, Victor Schoelcher, Louis Delgr\u00e8s, la Mul\u00e2tresse Solitude, Jean Moulin, St\u00e9phane Hessel, mais nous n\u2019oublions pas tous les h\u00e9ros de la libert\u00e9, c\u2019est \u00e0 eux que nous devons d\u2019\u00eatre aujourd\u2019hui, ici, rassembl\u00e9s pour rendre un hommage \u00e0 Christiane Taubira, injustement injuri\u00e9e, \u00e0 Aim\u00e9 C\u00e9saire un des p\u00e8res de la N\u00e9gritude, \u00e0 Edouard Glissant, le p\u00e8re du Tout-Monde et \u00e0 Alexandre Dumas le p\u00e8re des trois Mousquetaires.<\/p>\n<p>Je voudrai terminer par cet extrait\u00a0 d\u2019un po\u00e8me d\u2019un \u00e9l\u00e8ve de 6<sup>\u00e8me<\/sup>\u00a0au coll\u00e8ge Charles MUNCH de Grenoble, candidat au concours\u00a0: \u00ab\u00a0Un regard sur les Outre-mer\u00a0\u00bb organis\u00e9 par le CIFORDOM<\/p>\n<p><em><strong>\u00ab\u00a0L\u2019inconnu peut intriguer<\/strong><\/em><\/p>\n<p><em><strong>Mais il faut de la tol\u00e9rance<\/strong><\/em><\/p>\n<p><em><strong>C\u2019est toujours une grande chance<\/strong><\/em><\/p>\n<p><em><strong>Que l\u2019on soit tous particuliers\u00a0\u00bb.<\/strong><\/em><\/p>\n<p><em><strong>\u00a0<\/strong><\/em><\/p>\n<p>Jos\u00e9 PENTOSCROPE<\/p>\n<p>Pr\u00e9sident du CIFORDOM<\/p>\n<p>Initiateur du Prix FETKANN\u00a0!<\/p>\n","protected":false},"excerpt":{"rendered":"<p>Je suis heureux de vous accueillir encore au Caf\u00e9 de Flore pour la dixi\u00e8me ann\u00e9e cons\u00e9cutive pour prendre connaissance ensemble des r\u00e9sultats des travaux des jurys du Prix FETKANN !, M\u00e9moire des Pays du Sud, M\u00e9moire de l\u2019Humanit\u00e9,<\/p>\n","protected":false},"author":1,"featured_media":0,"comment_status":"open","ping_status":"open","sticky":false,"template":"","format":"standard","meta":[],"categories":[2],"tags":[49,55,54,50,53,52,51],"yoast_head":"<!-- This site is optimized with the Yoast SEO plugin v17.7.1 - https:\/\/yoast.com\/wordpress\/plugins\/seo\/ -->\n<meta name=\"robots\" content=\"index, follow, max-snippet:-1, max-image-preview:large, max-video-preview:-1\" \/>\n<link rel=\"canonical\" href=\"https:\/\/cifordom.net\/en\/10eme-ceremonie-du-prix-fetkann-discours-douverture-de-la-ceremonie\/\" \/>\n<meta property=\"og:locale\" content=\"en_US\" \/>\n<meta property=\"og:type\" content=\"article\" \/>\n<meta property=\"og:title\" content=\"10\u00e8me CEREMONIE du Prix FETKANN ! \u2013 Discours d\u2019ouverture de la c\u00e9r\u00e9monie -\" \/>\n<meta property=\"og:description\" content=\"Je suis heureux de vous accueillir encore au Caf\u00e9 de Flore pour la dixi\u00e8me ann\u00e9e cons\u00e9cutive pour prendre connaissance ensemble des r\u00e9sultats des travaux des jurys du Prix FETKANN !, M\u00e9moire des Pays du Sud, M\u00e9moire de l\u2019Humanit\u00e9,\" \/>\n<meta property=\"og:url\" content=\"https:\/\/cifordom.net\/en\/10eme-ceremonie-du-prix-fetkann-discours-douverture-de-la-ceremonie\/\" \/>\n<meta property=\"article:published_time\" content=\"2013-11-24T06:16:48+00:00\" \/>\n<meta property=\"article:modified_time\" content=\"2014-07-05T09:35:38+00:00\" \/>\n<meta name=\"twitter:card\" content=\"summary_large_image\" \/>\n<meta name=\"twitter:label1\" content=\"Written by\" \/>\n\t<meta name=\"twitter:data1\" content=\"CIFORDOM\" \/>\n\t<meta name=\"twitter:label2\" content=\"Est. reading time\" \/>\n\t<meta name=\"twitter:data2\" content=\"4 minutes\" \/>\n<script type=\"application\/ld+json\" class=\"yoast-schema-graph\">{\"@context\":\"https:\/\/schema.org\",\"@graph\":[{\"@type\":\"WebSite\",\"@id\":\"https:\/\/cifordom.net\/#website\",\"url\":\"https:\/\/cifordom.net\/\",\"name\":\"\",\"description\":\"\",\"potentialAction\":[{\"@type\":\"SearchAction\",\"target\":{\"@type\":\"EntryPoint\",\"urlTemplate\":\"https:\/\/cifordom.net\/?s={search_term_string}\"},\"query-input\":\"required name=search_term_string\"}],\"inLanguage\":\"en-US\"},{\"@type\":\"WebPage\",\"@id\":\"https:\/\/cifordom.net\/en\/10eme-ceremonie-du-prix-fetkann-discours-douverture-de-la-ceremonie\/#webpage\",\"url\":\"https:\/\/cifordom.net\/en\/10eme-ceremonie-du-prix-fetkann-discours-douverture-de-la-ceremonie\/\",\"name\":\"10\\u00e8me CEREMONIE du Prix FETKANN ! \\u2013 Discours d\\u2019ouverture de la c\\u00e9r\\u00e9monie -\",\"isPartOf\":{\"@id\":\"https:\/\/cifordom.net\/#website\"},\"datePublished\":\"2013-11-24T06:16:48+00:00\",\"dateModified\":\"2014-07-05T09:35:38+00:00\",\"author\":{\"@id\":\"https:\/\/cifordom.net\/#\/schema\/person\/f6a614077138996b139f13c28f037eb6\"},\"breadcrumb\":{\"@id\":\"https:\/\/cifordom.net\/en\/10eme-ceremonie-du-prix-fetkann-discours-douverture-de-la-ceremonie\/#breadcrumb\"},\"inLanguage\":\"en-US\",\"potentialAction\":[{\"@type\":\"ReadAction\",\"target\":[\"https:\/\/cifordom.net\/en\/10eme-ceremonie-du-prix-fetkann-discours-douverture-de-la-ceremonie\/\"]}]},{\"@type\":\"BreadcrumbList\",\"@id\":\"https:\/\/cifordom.net\/en\/10eme-ceremonie-du-prix-fetkann-discours-douverture-de-la-ceremonie\/#breadcrumb\",\"itemListElement\":[{\"@type\":\"ListItem\",\"position\":1,\"name\":\"10\\u00e8me CEREMONIE du Prix FETKANN ! \\u2013 Discours d\\u2019ouverture de la c\\u00e9r\\u00e9monie\"}]},{\"@type\":\"Person\",\"@id\":\"https:\/\/cifordom.net\/#\/schema\/person\/f6a614077138996b139f13c28f037eb6\",\"name\":\"CIFORDOM\",\"image\":{\"@type\":\"ImageObject\",\"@id\":\"https:\/\/cifordom.net\/#personlogo\",\"inLanguage\":\"en-US\",\"url\":\"https:\/\/secure.gravatar.com\/avatar\/be2f26a06d070a8f5aec21c3816fdc8b?s=96&r=g\",\"contentUrl\":\"https:\/\/secure.gravatar.com\/avatar\/be2f26a06d070a8f5aec21c3816fdc8b?s=96&r=g\",\"caption\":\"CIFORDOM\"},\"sameAs\":[\"http:\/\/cifordom.net\"],\"url\":\"https:\/\/cifordom.net\/en\/author\/admin\/\"}]}<\/script>\n<!-- \/ Yoast SEO plugin. -->","yoast_head_json":{"robots":{"index":"index","follow":"follow","max-snippet":"max-snippet:-1","max-image-preview":"max-image-preview:large","max-video-preview":"max-video-preview:-1"},"canonical":"https:\/\/cifordom.net\/en\/10eme-ceremonie-du-prix-fetkann-discours-douverture-de-la-ceremonie\/","og_locale":"en_US","og_type":"article","og_title":"10\u00e8me CEREMONIE du Prix FETKANN ! \u2013 Discours d\u2019ouverture de la c\u00e9r\u00e9monie -","og_description":"Je suis heureux de vous accueillir encore au Caf\u00e9 de Flore pour la dixi\u00e8me ann\u00e9e cons\u00e9cutive pour prendre connaissance ensemble des r\u00e9sultats des travaux des jurys du Prix FETKANN !, M\u00e9moire des Pays du Sud, M\u00e9moire de l\u2019Humanit\u00e9,","og_url":"https:\/\/cifordom.net\/en\/10eme-ceremonie-du-prix-fetkann-discours-douverture-de-la-ceremonie\/","article_published_time":"2013-11-24T06:16:48+00:00","article_modified_time":"2014-07-05T09:35:38+00:00","twitter_card":"summary_large_image","twitter_misc":{"Written by":"CIFORDOM","Est. reading time":"4 minutes"},"schema":{"@context":"https:\/\/schema.org","@graph":[{"@type":"WebSite","@id":"https:\/\/cifordom.net\/#website","url":"https:\/\/cifordom.net\/","name":"","description":"","potentialAction":[{"@type":"SearchAction","target":{"@type":"EntryPoint","urlTemplate":"https:\/\/cifordom.net\/?s={search_term_string}"},"query-input":"required name=search_term_string"}],"inLanguage":"en-US"},{"@type":"WebPage","@id":"https:\/\/cifordom.net\/en\/10eme-ceremonie-du-prix-fetkann-discours-douverture-de-la-ceremonie\/#webpage","url":"https:\/\/cifordom.net\/en\/10eme-ceremonie-du-prix-fetkann-discours-douverture-de-la-ceremonie\/","name":"10\u00e8me CEREMONIE du Prix FETKANN ! \u2013 Discours d\u2019ouverture de la c\u00e9r\u00e9monie -","isPartOf":{"@id":"https:\/\/cifordom.net\/#website"},"datePublished":"2013-11-24T06:16:48+00:00","dateModified":"2014-07-05T09:35:38+00:00","author":{"@id":"https:\/\/cifordom.net\/#\/schema\/person\/f6a614077138996b139f13c28f037eb6"},"breadcrumb":{"@id":"https:\/\/cifordom.net\/en\/10eme-ceremonie-du-prix-fetkann-discours-douverture-de-la-ceremonie\/#breadcrumb"},"inLanguage":"en-US","potentialAction":[{"@type":"ReadAction","target":["https:\/\/cifordom.net\/en\/10eme-ceremonie-du-prix-fetkann-discours-douverture-de-la-ceremonie\/"]}]},{"@type":"BreadcrumbList","@id":"https:\/\/cifordom.net\/en\/10eme-ceremonie-du-prix-fetkann-discours-douverture-de-la-ceremonie\/#breadcrumb","itemListElement":[{"@type":"ListItem","position":1,"name":"10\u00e8me CEREMONIE du Prix FETKANN ! \u2013 Discours d\u2019ouverture de la c\u00e9r\u00e9monie"}]},{"@type":"Person","@id":"https:\/\/cifordom.net\/#\/schema\/person\/f6a614077138996b139f13c28f037eb6","name":"CIFORDOM","image":{"@type":"ImageObject","@id":"https:\/\/cifordom.net\/#personlogo","inLanguage":"en-US","url":"https:\/\/secure.gravatar.com\/avatar\/be2f26a06d070a8f5aec21c3816fdc8b?s=96&r=g","contentUrl":"https:\/\/secure.gravatar.com\/avatar\/be2f26a06d070a8f5aec21c3816fdc8b?s=96&r=g","caption":"CIFORDOM"},"sameAs":["http:\/\/cifordom.net"],"url":"https:\/\/cifordom.net\/en\/author\/admin\/"}]}},"_links":{"self":[{"href":"https:\/\/cifordom.net\/en\/wp-json\/wp\/v2\/posts\/371"}],"collection":[{"href":"https:\/\/cifordom.net\/en\/wp-json\/wp\/v2\/posts"}],"about":[{"href":"https:\/\/cifordom.net\/en\/wp-json\/wp\/v2\/types\/post"}],"author":[{"embeddable":true,"href":"https:\/\/cifordom.net\/en\/wp-json\/wp\/v2\/users\/1"}],"replies":[{"embeddable":true,"href":"https:\/\/cifordom.net\/en\/wp-json\/wp\/v2\/comments?post=371"}],"version-history":[{"count":6,"href":"https:\/\/cifordom.net\/en\/wp-json\/wp\/v2\/posts\/371\/revisions"}],"predecessor-version":[{"id":379,"href":"https:\/\/cifordom.net\/en\/wp-json\/wp\/v2\/posts\/371\/revisions\/379"}],"wp:attachment":[{"href":"https:\/\/cifordom.net\/en\/wp-json\/wp\/v2\/media?parent=371"}],"wp:term":[{"taxonomy":"category","embeddable":true,"href":"https:\/\/cifordom.net\/en\/wp-json\/wp\/v2\/categories?post=371"},{"taxonomy":"post_tag","embeddable":true,"href":"https:\/\/cifordom.net\/en\/wp-json\/wp\/v2\/tags?post=371"}],"curies":[{"name":"wp","href":"https:\/\/api.w.org\/{rel}","templated":true}]}}